[{"@context":"https:\/\/schema.org\/","@type":"Article","@id":"https:\/\/www.marietta.sk\/biznis-ako-zaklad\/#Article","mainEntityOfPage":"https:\/\/www.marietta.sk\/biznis-ako-zaklad\/","headline":"Biznis ako z\u00e1klad","name":"Biznis ako z\u00e1klad","description":"Viete nad \u010d\u00edm som tak rozm\u00fd\u0161\u013eala \u010do sa mne osobne p\u00e1\u010di ak\u00fd JOB tzv. biznis to je m\u00f3dny n\u00e1vrh\u00e1r. Jaj \u0161koda \u017ee som ne\u0161tudovala odevn\u00fa \u0161kolu lebo to ma v\u017edy l\u00e1kala m\u00f3da a obliekanie. Rukami mi pre\u0161lo ve\u013ea \u010dasopisov cez Burdu a in\u00e9 aj knihy o m\u00f3de m\u00e1m. Ako sa hovor\u00ed farby n\u00e1m sl\u00fa\u017eia pre kr\u00e1su \u010di u\u017e by sme [&hellip;]","datePublished":"2023-12-31","dateModified":"2023-12-31","author":{"@type":"Person","@id":"https:\/\/www.marietta.sk\/author\/#Person","name":"","url":"https:\/\/www.marietta.sk\/author\/","identifier":1,"image":{"@type":"ImageObject","@id":"https:\/\/secure.gravatar.com\/avatar\/7c144e1de0ecc43e7a8353c804f0c7ea63c9554336576e7048c4bdeaa59bbbbb?s=96&d=mm&r=g","url":"https:\/\/secure.gravatar.com\/avatar\/7c144e1de0ecc43e7a8353c804f0c7ea63c9554336576e7048c4bdeaa59bbbbb?s=96&d=mm&r=g","height":96,"width":96}},"publisher":{"@type":"Organization","name":"marietta.sk","logo":{"@type":"ImageObject","@id":"\/logo.png","url":"\/logo.png","width":600,"height":60}},"image":{"@type":"ImageObject","@id":"https:\/\/www.marietta.sk\/wp-content\/uploads\/eyes-8074957_640_1.png","url":"https:\/\/www.marietta.sk\/wp-content\/uploads\/eyes-8074957_640_1.png","height":0,"width":0},"url":"https:\/\/www.marietta.sk\/biznis-ako-zaklad\/","about":["Biznis"],"wordCount":592,"articleBody":"Viete nad \u010d\u00edm som tak rozm\u00fd\u0161\u013eala \u010do sa mne osobne p\u00e1\u010di ak\u00fd JOB tzv. biznis to je m\u00f3dny n\u00e1vrh\u00e1r. Jaj \u0161koda \u017ee som ne\u0161tudovala odevn\u00fa \u0161kolu lebo to ma v\u017edy l\u00e1kala m\u00f3da a obliekanie. Rukami mi pre\u0161lo ve\u013ea \u010dasopisov cez Burdu a in\u00e9 aj knihy o m\u00f3de m\u00e1m. Ako sa hovor\u00ed farby n\u00e1m sl\u00fa\u017eia pre kr\u00e1su \u010di u\u017e by sme dali modern\u00fd \u0161t\u00fdl odievania alebo retro. Na trhu je nespo\u010detn\u00e9 mno\u017estvo obchodov kde pred\u00e1vaj\u00fa oble\u010denie. Ale nejak\u00fd ten \u010das aj skrachovali ur\u010dit\u00e9 predajne kv\u00f4li tomu \u017ee to proste neutiahli finan\u010dne. Medzi m\u00f3du ako tak\u00fa patr\u00ed aj mejkap sem m\u00f4\u017eeme zaradi\u0165 aj vlasy na\u0161a koruna kr\u00e1sy. \u010ealej sa n\u00e1m pon\u00faka biznis pon\u00faka\u0165 pred\u00e1va\u0165 l\u00e1tky r\u00f4zne vzory aj materi\u00e1ly. Dobr\u00fd \u0161pecialista na m\u00f3du vieme ur\u010di\u0165 odtiene je to d\u00f4le\u017eite lebo nie ka\u017edej \u017eene pristane rovnak\u00e1 farba. Je to ako farebn\u00fd s\u00falad pr\u00edrody. Pr\u00edroda je majstrovsk\u00fd p\u00e1n u\u010dite\u013e ktor\u00e1 hr\u00e1 farebn\u00fa harm\u00f3niu . Alebo si v\u0161imnite kvitn\u00facu l\u00faku \u010di jese\u0148ou sfarben\u00e9 l\u00edstie alebo tie\u017e exotick\u00e9 vt\u00e1ky ako sfarben\u00e9. Ke\u010f spoj\u00edme r\u00f4znu \u0161k\u00e1lu farieb vznikne n\u00e1m dokonal\u00e1 \u0161k\u00e1la l\u00e1tok alebo hotov\u00e9ho oble\u010denia na predaj. Napr\u00edklad ja som letn\u00fd typ \u017eeny mne id\u00fa podstate v\u0161etky hrav\u00e9 farby. \u010co sa t\u00fdka \u0161k\u00e1ly ja v lete m\u00e1m rada jemn\u00e9 materi\u00e1ly tak\u00e9 vzdu\u0161n\u00e9. Rada s\u00edce lad\u00edm\u00a0v t\u00f3n v t\u00f3ne ale niekedy aj farbene to rozbijem nie moc brut\u00e1lne ako papag\u00e1j ale aby to spolu i\u0161lo &#8211; ladilo. Ja aj mejkap pou\u017e\u00edvam v lete tepl\u00e9 t\u00f3ny aby to fungovalo aj s t\u00fdm \u010do si oble\u010diem. Ja sa obliekam aj kupujem aj pod\u013ea n\u00e1lady . Mne hovoria \u017ee mi ide hoci\u010do proste som tak\u00fd typ. je to aj v\u00fdhoda. K m\u00f3de aj kozmetike sa rozumiem juj ako by som rozbehla ten biznis. Len za in\u00fdch okolnost\u00ed keby \u017ee je \u010dlovek finan\u010dne nez\u00e1visl\u00ed vtedy ur\u010dite. Napr\u00edklad decentnej letnej palete najlep\u0161ie vedia pod\u010diarkuj\u00fa tzv. zdr\u017eanliv\u00e9 materi\u00e1ly \u010di doplnky. Ktor\u00e9 s\u00fa hodv\u00e1bne aj PADAVE alebo mierne leskl\u00e9 \u010do sa t\u00fdka l\u00e1tky . Tak\u00e9to s\u00fa vhodn\u00e9 na \u0161\u00e1l alebo \u0161atky ale vyskytuj\u00fa sa aj na bl\u00fazkach. Letn\u00fd typ si m\u00f4\u017ee dovoli\u0165 k\u00fapi\u0165\u00a0aj \u010dipku \u010di h\u00e1\u010dkovan\u00fd k\u00fasok zak\u00fapi\u0165 alebo pon\u00faka\u0165 v r\u00e1mci predaja. \u010co sa t\u00fdka \u0161perkov mali by by\u0165 sk\u00f4r elegantn\u00e9 bu\u010f jemn\u00e1 bi\u017eut\u00e9ria alebo zlato \u010di u\u017e klasick\u00e9 alebo biele zlato. Vhodn\u00fd doplnok ktor\u00fd aj ja m\u00e1m vo svojom v tal\u00f3ne s\u00fa perly s\u00edce nie prav\u00e9 ale d\u00e1 sa poveda\u0165 \u017ee tak vyzeraj\u00fa. My letn\u00e9 typy \u017eien m\u00e1me to sk\u00f4r tak\u00e9 lep\u0161ie \u017ee n\u00e1m sadne ve\u013ea vec\u00ed e\u0161te viac ke\u010f je \u017eena \u0161t\u00edhla. V dne\u0161nej dobe s\u00fa pekn\u00e9 k\u00fasky na predaj aj pre moletky \u010di tehotn\u00e9 \u017eeny. Ja napr\u00edklad milujem aj okuliare ako letn\u00fd look m\u00e1m ich nieko\u013eko kusov a st\u00e1le dokupujem. M\u00e1m tak\u00e9ho obchodn\u00e9ho ducha v sebe. \u010co tak mil\u00e9 \u017eienky tak\u00fdto biznis si vytvori\u0165 vo svete je to norm\u00e1lne aj s\u00fa to milion\u00e1ri.                                                                                                                                                                                                                                                                                                                                                                                        4.7\/5 - (12 votes)        "},{"@context":"https:\/\/schema.org\/","@type":"BreadcrumbList","itemListElement":[{"@type":"ListItem","position":1,"name":"Biznis ako z\u00e1klad","item":"https:\/\/www.marietta.sk\/biznis-ako-zaklad\/#breadcrumbitem"}]}]